{"id":54572,"date":"2026-02-23T19:11:47","date_gmt":"2026-02-23T18:11:47","guid":{"rendered":"https:\/\/agap2.com\/spain\/?p=54572"},"modified":"2026-02-24T12:08:17","modified_gmt":"2026-02-24T11:08:17","slug":"mobile-world-congress-2026","status":"publish","type":"post","link":"https:\/\/agap2.com\/spain\/experto\/mobile-world-congress-2026\/","title":{"rendered":"Mobile World Congress 2026: \u00bfc\u00f3mo agap2 Espa\u00f1a impulsa su posicionamiento en el ecosistema tecnol\u00f3gico?"},"content":{"rendered":"<p>Con motivo de la pr\u00f3xima edici\u00f3n del Mobile World Congress, agap2 Espa\u00f1a estar\u00e1 presente en Barcelona para participar en uno de los encuentros tecnol\u00f3gicos m\u00e1s influyentes a nivel internacional.<\/p>\n<p>En un contexto marcado por la aceleraci\u00f3n digital, la evoluci\u00f3n constante de las infraestructuras IT y la creciente exigencia en ciberseguridad, cloud y transformaci\u00f3n tecnol\u00f3gica, agap2 Espa\u00f1a refuerza su compromiso con el ecosistema IT y digital. Hablamos con <strong>Florent Woehrle<\/strong>, Operations Manager Spain, sobre lo que representa esta participaci\u00f3n y la visi\u00f3n estrat\u00e9gica de la compa\u00f1\u00eda.<\/p>\n<h3>Para empezar, \u00bfpor qu\u00e9 es importante para agap2 Espa\u00f1a estar presente en el Mobile World Congress?<\/h3>\n<p><strong>F.W :<\/strong> \u00ab Para agap2 Espa\u00f1a, estar en el Mobile World Congress es casi una evidencia. Es el evento mundial de referencia en tecnolog\u00eda, conectividad e innovaci\u00f3n; el lugar donde se define el futuro del sector. Es tambi\u00e9n un punto de encuentro clave para partners estrat\u00e9gicos, clientes, decisores e innovadores. Si queremos entender hacia d\u00f3nde evoluciona el mercado, identificar tendencias y conectar con quienes las lideran, debemos estar presentes.<\/p>\n<p>Nuestra participaci\u00f3n marca una etapa natural en la evoluci\u00f3n y madurez de agap2 en Espa\u00f1a. Hoy contamos con la experiencia y la ambici\u00f3n necesarias para reforzar nuestro posicionamiento en IT y transformaci\u00f3n digital, y ganar visibilidad dentro del ecosistema tecnol\u00f3gico internacional. \u00bb<\/p>\n<h3>\u00bfC\u00f3mo se posiciona actualmente agap2 Espa\u00f1a en el mercado tecnol\u00f3gico?<\/h3>\n<p><strong>F.W :<\/strong> \u00ab agap2 Espa\u00f1a se posiciona como un partner tecnol\u00f3gico de confianza, capaz de acompa\u00f1ar a sus clientes en proyectos IT de alto valor a\u00f1adido.<\/p>\n<p>Intervenimos en \u00e1reas estrat\u00e9gicas como cloud, ciberseguridad, infraestructuras y desarrollo, con un modelo basado en la agilidad, la proximidad y la excelencia t\u00e9cnica. Nuestra fortaleza reside tambi\u00e9n en nuestra capacidad para identificar y movilizar talento especializado con rapidez, construyendo relaciones s\u00f3lidas y a largo plazo con clientes estrat\u00e9gicos. \u00bb<\/p>\n<h3>\u00bfQu\u00e9 representa esta primera participaci\u00f3n en un evento de esta dimensi\u00f3n?<\/h3>\n<p>F.W : \u00ab Representa una etapa clave en nuestro crecimiento. Es una se\u00f1al clara de nuestra ambici\u00f3n y de nuestra consolidaci\u00f3n en el mercado espa\u00f1ol. Queremos formar parte activa del ecosistema de los grandes actores tecnol\u00f3gicos, aumentar nuestra exposici\u00f3n y desarrollar un networking estrat\u00e9gico de alto nivel.<\/p>\n<p>Adem\u00e1s, es una oportunidad para detectar tendencias, anticipar innovaciones y reforzar nuestra marca empleadora en un entorno altamente competitivo. \u00bb<\/p>\n<h3>\u00bfCu\u00e1les son los principales objetivos durante esta edici\u00f3n 2026?<\/h3>\n<p><strong>F.W :<\/strong> \u00ab Nuestros objetivos son muy concretos. Queremos generar nuevas oportunidades de colaboraci\u00f3n e identificar partners tecnol\u00f3gicos con los que construir sinergias a largo plazo.<\/p>\n<p>Tambi\u00e9n buscamos estar cerca de nuestros clientes actuales y potenciales, escuchar sus retos, comprender sus prioridades y acompa\u00f1ar de manera m\u00e1s estrat\u00e9gica su evoluci\u00f3n tecnol\u00f3gica. El MWC es una ocasi\u00f3n clave para reforzar relaciones, consolidar la confianza y demostrar nuestro compromiso a largo plazo.<\/p>\n<p>Adem\u00e1s, analizaremos las tendencias que marcar\u00e1n el mercado en los pr\u00f3ximos a\u00f1os y reforzaremos la visibilidad de agap2 Espa\u00f1a dentro del ecosistema IT.<\/p>\n<p>Por \u00faltimo, el evento es una oportunidad estrat\u00e9gica para conectar con talento IT interesado en proyectos innovadores, especialmente en espacios como el Talent Arena.\u00bb<\/p>\n<h3>Un mensaje para las empresas y profesionales que estar\u00e1n presentes en el MWC<\/h3>\n<p><strong>F.W :<\/strong> \u00ab Estaremos disponibles para intercambiar sobre vuestros retos tecnol\u00f3gicos y explorar posibles colaboraciones.<\/p>\n<p>En agap2 Espa\u00f1a, nuestra propuesta de valor se basa en tres pilares: talento, expertise y compromiso. Apostamos por una aproximaci\u00f3n humana en un entorno altamente tecnol\u00f3gico. Creemos en relaciones duraderas y colaboraciones estrat\u00e9gicas.<\/p>\n<p>Si quer\u00e9is construir proyectos de largo recorrido, estaremos encantados de conversar durante el Mobile World Congress. \u00bb<\/p>\n<p><img loading=\"lazy\" decoding=\"async\" class=\"wp-image-54578 aligncenter\" src=\"https:\/\/agap2.com\/files\/sites\/6\/2026\/02\/florent.jpeg\" alt=\"\" width=\"247\" height=\"247\" srcset=\"https:\/\/agap2.com\/files\/sites\/6\/2026\/02\/florent.jpeg 800w, https:\/\/agap2.com\/files\/sites\/6\/2026\/02\/florent-768x768.jpeg 768w\" sizes=\"auto, (max-width: 247px) 100vw, 247px\" \/><\/p>\n<p><strong>Florent Woehrle, Operations Manager Spain<\/strong><\/p>\n","protected":false},"excerpt":{"rendered":"<p>Con motivo de la pr\u00f3xima edici\u00f3n del Mobile World Congress, agap2 Espa\u00f1a estar\u00e1 presente en Barcelona para participar en uno de los encuentros tecnol\u00f3gicos m\u00e1s influyentes a nivel internacional. En un contexto marcado por la aceleraci\u00f3n digital, la evoluci\u00f3n constante&#8230;<\/p>\n","protected":false},"author":11,"featured_media":54583,"comment_status":"closed","ping_status":"closed","sticky":false,"template":"","format":"standard","meta":{"_acf_changed":false,"_seopress_robots_primary_cat":"","_seopress_titles_title":"","_seopress_titles_desc":"","_seopress_robots_index":"","footnotes":""},"categories":[165],"tags":[],"country":[79],"class_list":["post-54572","post","type-post","status-publish","format-standard","has-post-thumbnail","hentry","category-experto","country-spain"],"acf":[],"lang":"es","translations":{"es":54572},"pll_sync_post":[],"_links":{"self":[{"href":"https:\/\/agap2.com\/spain\/wp-json\/wp\/v2\/posts\/54572","targetHints":{"allow":["GET"]}}],"collection":[{"href":"https:\/\/agap2.com\/spain\/wp-json\/wp\/v2\/posts"}],"about":[{"href":"https:\/\/agap2.com\/spain\/wp-json\/wp\/v2\/types\/post"}],"author":[{"embeddable":true,"href":"https:\/\/agap2.com\/spain\/wp-json\/wp\/v2\/users\/11"}],"replies":[{"embeddable":true,"href":"https:\/\/agap2.com\/spain\/wp-json\/wp\/v2\/comments?post=54572"}],"version-history":[{"count":8,"href":"https:\/\/agap2.com\/spain\/wp-json\/wp\/v2\/posts\/54572\/revisions"}],"predecessor-version":[{"id":54586,"href":"https:\/\/agap2.com\/spain\/wp-json\/wp\/v2\/posts\/54572\/revisions\/54586"}],"wp:featuredmedia":[{"embeddable":true,"href":"https:\/\/agap2.com\/spain\/wp-json\/wp\/v2\/media\/54583"}],"wp:attachment":[{"href":"https:\/\/agap2.com\/spain\/wp-json\/wp\/v2\/media?parent=54572"}],"wp:term":[{"taxonomy":"category","embeddable":true,"href":"https:\/\/agap2.com\/spain\/wp-json\/wp\/v2\/categories?post=54572"},{"taxonomy":"post_tag","embeddable":true,"href":"https:\/\/agap2.com\/spain\/wp-json\/wp\/v2\/tags?post=54572"},{"taxonomy":"country","embeddable":true,"href":"https:\/\/agap2.com\/spain\/wp-json\/wp\/v2\/country?post=54572"}],"curies":[{"name":"wp","href":"https:\/\/api.w.org\/{rel}","templated":true}]}}