{"id":52250,"date":"2025-10-13T11:58:43","date_gmt":"2025-10-13T09:58:43","guid":{"rendered":"https:\/\/agap2.com\/spain\/?p=52250"},"modified":"2025-10-13T11:58:50","modified_gmt":"2025-10-13T09:58:50","slug":"kilometros-de-solidaridad","status":"publish","type":"post","link":"https:\/\/agap2.com\/spain\/rsc\/kilometros-de-solidaridad\/","title":{"rendered":"Kil\u00f3metros de solidaridad"},"content":{"rendered":"<p>Este 12 de octubre, nuestro equipo particip\u00f3 en la carrera solidaria \u201cEn marxa per la par\u00e0lisi cerebral\u201d, organizada por FEPCCAT en Barcelona.<\/p>\n<p>M\u00e1s que una cita deportiva, fue una jornada llena de solidaridad, inclusi\u00f3n y alegr\u00eda compartida, donde corrimos para dar visibilidad y apoyar la igualdad de oportunidades de las personas con par\u00e1lisis cerebral y pluridiscapacidad. \ud83d\udc99<\/p>\n<h3>Una carrera inclusiva y abierta a todos<\/h3>\n<p>Desde hace 13 ediciones, esta cita solidaria re\u00fane a personas con y sin discapacidad, familias, amigos y aficionados al deporte, demostrando que en la l\u00ednea de salida todos somos iguales. Es mucho m\u00e1s que una carrera: es un espacio de encuentro, solidaridad y superaci\u00f3n compartida. \u2728<\/p>\n<h3>Un esfuerzo de equipo con grandes resultados<\/h3>\n<p>Gracias a todos nuestros participantes, que dieron lo mejor de s\u00ed mismos y representaron con orgullo los valores de agap2: audacia, intercambio y consideraci\u00f3n.<\/p>\n<p>Si te apasiona el deporte, el trabajo en equipo y marcar la diferencia, \u00a1agap2 es tu lugar!<\/p>\n<p>\ud83d\udce9 \u00bfQuieres unirte a nosotros? Env\u00eda tu candidatura a talent@agap2.es<\/p>\n","protected":false},"excerpt":{"rendered":"<p>Este 12 de octubre, nuestro equipo particip\u00f3 en la carrera solidaria \u201cEn marxa per la par\u00e0lisi cerebral\u201d, organizada por FEPCCAT en Barcelona. M\u00e1s que una cita deportiva, fue una jornada llena de solidaridad, inclusi\u00f3n y alegr\u00eda compartida, donde corrimos para&#8230;<\/p>\n","protected":false},"author":11,"featured_media":52668,"comment_status":"closed","ping_status":"closed","sticky":false,"template":"","format":"standard","meta":{"_acf_changed":false,"_seopress_robots_primary_cat":"","_seopress_titles_title":"","_seopress_titles_desc":"","_seopress_robots_index":"","footnotes":""},"categories":[222],"tags":[394,400,396,398,392],"country":[79],"class_list":["post-52250","post","type-post","status-publish","format-standard","has-post-thumbnail","hentry","category-rsc","tag-carrera-solidaria","tag-fepccat","tag-inclusion","tag-paralisis-cerebral","tag-responsabilidad-social-corporativa","country-spain"],"acf":[],"lang":"es","translations":{"es":52250},"pll_sync_post":[],"_links":{"self":[{"href":"https:\/\/agap2.com\/spain\/wp-json\/wp\/v2\/posts\/52250","targetHints":{"allow":["GET"]}}],"collection":[{"href":"https:\/\/agap2.com\/spain\/wp-json\/wp\/v2\/posts"}],"about":[{"href":"https:\/\/agap2.com\/spain\/wp-json\/wp\/v2\/types\/post"}],"author":[{"embeddable":true,"href":"https:\/\/agap2.com\/spain\/wp-json\/wp\/v2\/users\/11"}],"replies":[{"embeddable":true,"href":"https:\/\/agap2.com\/spain\/wp-json\/wp\/v2\/comments?post=52250"}],"version-history":[{"count":2,"href":"https:\/\/agap2.com\/spain\/wp-json\/wp\/v2\/posts\/52250\/revisions"}],"predecessor-version":[{"id":52670,"href":"https:\/\/agap2.com\/spain\/wp-json\/wp\/v2\/posts\/52250\/revisions\/52670"}],"wp:featuredmedia":[{"embeddable":true,"href":"https:\/\/agap2.com\/spain\/wp-json\/wp\/v2\/media\/52668"}],"wp:attachment":[{"href":"https:\/\/agap2.com\/spain\/wp-json\/wp\/v2\/media?parent=52250"}],"wp:term":[{"taxonomy":"category","embeddable":true,"href":"https:\/\/agap2.com\/spain\/wp-json\/wp\/v2\/categories?post=52250"},{"taxonomy":"post_tag","embeddable":true,"href":"https:\/\/agap2.com\/spain\/wp-json\/wp\/v2\/tags?post=52250"},{"taxonomy":"country","embeddable":true,"href":"https:\/\/agap2.com\/spain\/wp-json\/wp\/v2\/country?post=52250"}],"curies":[{"name":"wp","href":"https:\/\/api.w.org\/{rel}","templated":true}]}}