{"id":34436,"date":"2025-02-06T12:06:18","date_gmt":"2025-02-06T11:06:18","guid":{"rendered":"https:\/\/agap2.com\/spain\/?p=34436"},"modified":"2025-02-06T12:06:18","modified_gmt":"2025-02-06T11:06:18","slug":"workshop-ia","status":"publish","type":"post","link":"https:\/\/agap2.com\/spain\/evento\/workshop-ia\/","title":{"rendered":"Innovaci\u00f3n y Tecnolog\u00eda : nuestro primer Workshop sobre IA"},"content":{"rendered":"<p>En l\u00ednea con nuestro compromiso de proporcionar herramientas innovadoras a nuestros equipos, hemos celebrado nuestro primer workshop sobre inteligencia artificial. Este evento ha sido una oportunidad \u00fanica para explorar c\u00f3mo la IA puede transformar la productividad y la organizaci\u00f3n en el entorno laboral.<\/p>\n<h3>Un Evento Inspirador con Enric Garc\u00eda,<\/h3>\n<p>El workshop, dirigido por Enric Garc\u00eda, Digital Analytics Project Manager, reuni\u00f3 a nuestros equipos en un entorno din\u00e1mico de aprendizaje. Durante la sesi\u00f3n, los participantes pudieron:<\/p>\n<ul>\n<li>Dominar la IA: Entender el uso estrat\u00e9gico de herramientas de inteligencia artificial.<\/li>\n<li>Optimizar su organizaci\u00f3n: Aplicar IA para una mejor planificaci\u00f3n y gesti\u00f3n del tiempo.<\/li>\n<li>Explorar el futuro: Conocer c\u00f3mo la automatizaci\u00f3n y los superagentes redefinir\u00e1n el mundo laboral.<\/li>\n<\/ul>\n<h3>Innovaci\u00f3n y Aplicaciones Pr\u00e1cticas<\/h3>\n<p>Uno de los momentos clave del evento fue la presentaci\u00f3n de la \u00abGu\u00eda R\u00e1pida de Prompting\u00bb, que ofreci\u00f3 pautas esenciales para estructurar interacciones efectivas con la IA. Adem\u00e1s, se abordaron aplicaciones avanzadas como la automatizaci\u00f3n de tareas, la optimizaci\u00f3n de reuniones y el uso de IA para la gesti\u00f3n de proyectos y correos electr\u00f3nicos.<\/p>\n<h3>Mirando Hacia el Futuro<\/h3>\n<p>El workshop concluy\u00f3 con una reflexi\u00f3n sobre las tendencias emergentes en IA, incluyendo el desarrollo de superagentes capaces de ejecutar tareas de manera aut\u00f3noma, lo que impactar\u00e1 significativamente la forma en que trabajamos.<\/p>\n<h3>Compromiso con el Aprendizaje Continuo<\/h3>\n<p>Queremos agradecer a Enric Garc\u00eda por compartir su experiencia y a todos los asistentes, tanto en presencial como en remoto, por su entusiasmo. Este evento marca el inicio de futuras iniciativas con las que seguiremos promoviendo la innovaci\u00f3n y el desarrollo profesional.<\/p>\n<p>Si te apasiona la tecnolog\u00eda y quieres ser parte de un equipo que apuesta por el futuro, \u00a1\u00fanete a nosotros! \ud83d\ude80<\/p>\n<p><img loading=\"lazy\" decoding=\"async\" class=\"aligncenter wp-image-34440 \" src=\"https:\/\/agap2.com\/files\/sites\/6\/2025\/02\/enric-workshop-scaled-e1738839174359.jpg\" alt=\"\" width=\"751\" height=\"551\" srcset=\"https:\/\/agap2.com\/files\/sites\/6\/2025\/02\/enric-workshop-scaled-e1738839174359.jpg 1920w, https:\/\/agap2.com\/files\/sites\/6\/2025\/02\/enric-workshop-scaled-e1738839174359-768x564.jpg 768w, https:\/\/agap2.com\/files\/sites\/6\/2025\/02\/enric-workshop-scaled-e1738839174359-1536x1128.jpg 1536w\" sizes=\"auto, (max-width: 751px) 100vw, 751px\" \/><\/p>\n","protected":false},"excerpt":{"rendered":"<p>En l\u00ednea con nuestro compromiso de proporcionar herramientas innovadoras a nuestros equipos, hemos celebrado nuestro primer workshop sobre inteligencia artificial. Este evento ha sido una oportunidad \u00fanica para explorar c\u00f3mo la IA puede transformar la productividad y la organizaci\u00f3n en&#8230;<\/p>\n","protected":false},"author":11,"featured_media":34447,"comment_status":"closed","ping_status":"closed","sticky":false,"template":"","format":"standard","meta":{"_acf_changed":false,"_seopress_robots_primary_cat":"","_seopress_titles_title":"","_seopress_titles_desc":"","_seopress_robots_index":"","footnotes":""},"categories":[163,165],"tags":[],"country":[79],"class_list":["post-34436","post","type-post","status-publish","format-standard","has-post-thumbnail","hentry","category-evento","category-experto","country-spain"],"acf":[],"lang":"es","translations":{"es":34436},"pll_sync_post":[],"_links":{"self":[{"href":"https:\/\/agap2.com\/spain\/wp-json\/wp\/v2\/posts\/34436","targetHints":{"allow":["GET"]}}],"collection":[{"href":"https:\/\/agap2.com\/spain\/wp-json\/wp\/v2\/posts"}],"about":[{"href":"https:\/\/agap2.com\/spain\/wp-json\/wp\/v2\/types\/post"}],"author":[{"embeddable":true,"href":"https:\/\/agap2.com\/spain\/wp-json\/wp\/v2\/users\/11"}],"replies":[{"embeddable":true,"href":"https:\/\/agap2.com\/spain\/wp-json\/wp\/v2\/comments?post=34436"}],"version-history":[{"count":5,"href":"https:\/\/agap2.com\/spain\/wp-json\/wp\/v2\/posts\/34436\/revisions"}],"predecessor-version":[{"id":34448,"href":"https:\/\/agap2.com\/spain\/wp-json\/wp\/v2\/posts\/34436\/revisions\/34448"}],"wp:featuredmedia":[{"embeddable":true,"href":"https:\/\/agap2.com\/spain\/wp-json\/wp\/v2\/media\/34447"}],"wp:attachment":[{"href":"https:\/\/agap2.com\/spain\/wp-json\/wp\/v2\/media?parent=34436"}],"wp:term":[{"taxonomy":"category","embeddable":true,"href":"https:\/\/agap2.com\/spain\/wp-json\/wp\/v2\/categories?post=34436"},{"taxonomy":"post_tag","embeddable":true,"href":"https:\/\/agap2.com\/spain\/wp-json\/wp\/v2\/tags?post=34436"},{"taxonomy":"country","embeddable":true,"href":"https:\/\/agap2.com\/spain\/wp-json\/wp\/v2\/country?post=34436"}],"curies":[{"name":"wp","href":"https:\/\/api.w.org\/{rel}","templated":true}]}}