{"id":31834,"date":"2024-12-05T10:29:18","date_gmt":"2024-12-05T09:29:18","guid":{"rendered":"https:\/\/agap2.com\/spain\/?p=31834"},"modified":"2025-03-12T15:35:11","modified_gmt":"2025-03-12T14:35:11","slug":"agap2-espana-se-une-al-euncet-business-school-network","status":"publish","type":"post","link":"https:\/\/agap2.com\/spain\/news\/agap2-espana-se-une-al-euncet-business-school-network\/","title":{"rendered":"agap2 Espa\u00f1a se une al Euncet Business School Network"},"content":{"rendered":"<p>En agap2 Espa\u00f1a, estamos encantados de anunciar nuestra incorporaci\u00f3n al <strong>Euncet Business School Network<\/strong>, un espacio dise\u00f1ado para conectar a empresas, organizaciones y la comunidad universitaria.<\/p>\n<p>Esta colaboraci\u00f3n refuerza nuestro compromiso con la empleabilidad y el desarrollo de j\u00f3venes talentos, pilares fundamentales de nuestra estrategia de crecimiento.<\/p>\n<h3>Las grandes oportunidades de colaborar con Euncet.<\/h3>\n<p>Formar parte del Euncet Business School Network nos brinda grandes oportunidades, como:<\/p>\n<ul>\n<li><strong>Acceso directo a talento universitario<\/strong> a trav\u00e9s de pr\u00e1cticas y oportunidades laborales.<\/li>\n<li>Participaci\u00f3n en eventos estrat\u00e9gicos como la <strong>Euncet Business Conference<\/strong>, que fomenta la empleabilidad y las relaciones con futuros profesionales.<\/li>\n<li>La posibilidad de colaborar con m\u00e1s de <strong>500 empresas<\/strong>, fortaleciendo nuestra red y compartiendo buenas pr\u00e1cticas.<\/li>\n<\/ul>\n<h3>Una colaboraci\u00f3n para fortalecer la relaci\u00f3n entre la empresa y la universidad<\/h3>\n<p>Desde agap2 Espa\u00f1a, creemos firmemente en la importancia de estrechar lazos entre las empresas y el mundo acad\u00e9mico para preparar mejor a los profesionales del ma\u00f1ana.<\/p>\n<p>A trav\u00e9s de esta alianza, buscamos acompa\u00f1ar a los estudiantes en su desarrollo profesional mediante iniciativas concretas, tales como:<\/p>\n<ul>\n<li>Charlas y workshops especializados.<\/li>\n<li>Participaci\u00f3n en ferias de empleo para acercar a los estudiantes al mercado laboral.<\/li>\n<li>Programas de mentoring y formaci\u00f3n para preparar a los j\u00f3venes talentos para los retos del mundo empresarial.<\/li>\n<\/ul>\n<h3>Reconocimientos especiales<\/h3>\n<p>Queremos agradecer especialmente a <strong>Xavier Fabregat<\/strong>, de Euncet, por su apoyo y liderazgo en esta colaboraci\u00f3n. Asimismo, reconocemos el esfuerzo de <strong>Jes\u00fas Garc\u00eda y Ainhoa And\u00fajar<\/strong>, de nuestro equipo de Recursos Humanos, por hacer posible esta alianza.<\/p>\n<h3>\u00bfQu\u00e9 sigue?<\/h3>\n<p>Esta alianza es solo el comienzo. Nos esperan grandes proyectos junto a Euncet para seguir impulsando la conexi\u00f3n entre el talento universitario y el entorno empresarial. Nuestro objetivo es seguir creando oportunidades que beneficien tanto a los estudiantes como a nuestras iniciativas de crecimiento.<\/p>\n<p>\u00a1Manteneos atentos a nuestras novedades y pr\u00f3ximos eventos!<\/p>\n<p><!-- notionvc: 6a1e6898-6bd9-4814-80ee-486dc32923a1 --><\/p>\n<p><!-- notionvc: 6bd181e6-8d05-4c97-9edc-5ced9b75bf11 --><\/p>\n<p><!-- notionvc: 3abd12c6-982e-4f4f-aa21-e931445e81a4 --><\/p>\n","protected":false},"excerpt":{"rendered":"<p>En agap2 Espa\u00f1a, estamos encantados de anunciar nuestra incorporaci\u00f3n al Euncet Business School Network, un espacio dise\u00f1ado para conectar a empresas, organizaciones y la comunidad universitaria. Esta colaboraci\u00f3n refuerza nuestro compromiso con la empleabilidad y el desarrollo de j\u00f3venes talentos,&#8230;<\/p>\n","protected":false},"author":11,"featured_media":38040,"comment_status":"closed","ping_status":"closed","sticky":false,"template":"","format":"standard","meta":{"_acf_changed":false,"_seopress_robots_primary_cat":"","_seopress_titles_title":"","_seopress_titles_desc":"","_seopress_robots_index":"","footnotes":""},"categories":[38],"tags":[],"country":[79],"class_list":["post-31834","post","type-post","status-publish","format-standard","has-post-thumbnail","hentry","category-news","country-spain"],"acf":[],"lang":"es","translations":{"es":31834},"pll_sync_post":[],"_links":{"self":[{"href":"https:\/\/agap2.com\/spain\/wp-json\/wp\/v2\/posts\/31834","targetHints":{"allow":["GET"]}}],"collection":[{"href":"https:\/\/agap2.com\/spain\/wp-json\/wp\/v2\/posts"}],"about":[{"href":"https:\/\/agap2.com\/spain\/wp-json\/wp\/v2\/types\/post"}],"author":[{"embeddable":true,"href":"https:\/\/agap2.com\/spain\/wp-json\/wp\/v2\/users\/11"}],"replies":[{"embeddable":true,"href":"https:\/\/agap2.com\/spain\/wp-json\/wp\/v2\/comments?post=31834"}],"version-history":[{"count":3,"href":"https:\/\/agap2.com\/spain\/wp-json\/wp\/v2\/posts\/31834\/revisions"}],"predecessor-version":[{"id":37281,"href":"https:\/\/agap2.com\/spain\/wp-json\/wp\/v2\/posts\/31834\/revisions\/37281"}],"wp:featuredmedia":[{"embeddable":true,"href":"https:\/\/agap2.com\/spain\/wp-json\/wp\/v2\/media\/38040"}],"wp:attachment":[{"href":"https:\/\/agap2.com\/spain\/wp-json\/wp\/v2\/media?parent=31834"}],"wp:term":[{"taxonomy":"category","embeddable":true,"href":"https:\/\/agap2.com\/spain\/wp-json\/wp\/v2\/categories?post=31834"},{"taxonomy":"post_tag","embeddable":true,"href":"https:\/\/agap2.com\/spain\/wp-json\/wp\/v2\/tags?post=31834"},{"taxonomy":"country","embeddable":true,"href":"https:\/\/agap2.com\/spain\/wp-json\/wp\/v2\/country?post=31834"}],"curies":[{"name":"wp","href":"https:\/\/api.w.org\/{rel}","templated":true}]}}